{"id":35472,"date":"2019-10-03T15:26:21","date_gmt":"2019-10-03T15:26:21","guid":{"rendered":"https:\/\/museemontrealjuif.ca\/2019\/10\/03\/20-21-appel-de-dossiers\/"},"modified":"2019-12-09T21:36:07","modified_gmt":"2019-12-09T21:36:07","slug":"20-21-appel-de-dossiers","status":"publish","type":"post","link":"https:\/\/museemontrealjuif.ca\/fr\/20-21-appel-de-dossiers\/","title":{"rendered":"PERMANENCE: 2020-21 Appel de dossiers"},"content":{"rendered":"<div class=\"wpb-content-wrapper\"><p>[vc_row][vc_column][vc_column_text css=\u00a0\u00bb.vc_custom_1575927331836{padding-right: 20px !important;padding-left: 20px !important;}\u00a0\u00bb]<\/p>\n<p style=\"text-align: center;\"><b>PERMANENCE<\/b> : 2020-21 Appel de dossiers<\/p>\n<p style=\"text-align: center;\"><del>Date Limite : le 15 d\u00e9cembre, 2019 \u00e0 23 h 59 (heure de Montr\u00e9al\/heure normale de l\u2019Est)<\/del><\/p>\n<p style=\"text-align: center;\"><b>\u00a0*** Date Limite : le 20 d\u00e9cembre, 2019 \u00e0 09 h ***<\/b><\/p>\n<p>&nbsp;<\/p>\n<p><b>\u00c0 propos du mus\u00e9e<\/b><\/p>\n<p><span style=\"font-weight: 400;\">Le Mus\u00e9e du Montr\u00e9al juif est un lieu innovateur qui permet de d\u00e9couvrir la diversit\u00e9 de la vie et du patrimoine juifs de Montr\u00e9al, gr\u00e2ce \u00e0 de nouvelles exp\u00e9riences culturelles. \u00c0 travers une programmation multidisciplinaire, notre mus\u00e9e offre une porte d\u2019entr\u00e9e accessible pour conna\u00eetre et interagir avec la culture, l\u2019art et le patrimoine juifs de Montr\u00e9al tout en permettant au public de partager ses histoires et ses exp\u00e9riences.<\/span><\/p>\n<p><span style=\"font-weight: 400;\">Fond\u00e9 en 2010, notre mus\u00e9e propose des visites guid\u00e9es de quartiers et d\u2019\u00e9difices juifs historiques, des expositions virtuelles, une collection d\u2019histoire orale, une programmation publique ainsi que des expositions. En 2016, nous avons ouvert un local qui comprend une galerie, une boutique et un espace culinaire o\u00f9 nous organisons chaque ann\u00e9e des dizaines d\u2019\u00e9v\u00e8nements artistiques, culturels et patrimoniaux.<\/span><\/p>\n<p><span style=\"font-weight: 400;\">\u00a0<\/span><\/p>\n<p><b>\u00c0 propos du th\u00e8me : permanence <\/b><\/p>\n<p><span style=\"font-weight: 400;\">Le cycle d\u2019exposition 2020\/2021 portera le titre <em>Permanence<\/em>. L\u2019\u00e9quipe de commissaires invite les artistes \u00e0 proposer des projets qui r\u00e9pondent \u00e0, jouent avec, ou posent des questions sur ce th\u00e8me. <\/span><\/p>\n<p><span style=\"font-weight: 400;\">Les points de d\u00e9part sugg\u00e9r\u00e9s pour r\u00e9fl\u00e9chir \u00e0 ce th\u00e8me comprennent, sans s\u2019y limiter :<\/span><\/p>\n<ul>\n<li style=\"font-weight: 400;\">Les \u00e9ph\u00e9m\u00e8res\/la fa\u00e7on dont nous recueillons pour essayer de nous souvenir ou d\u2019\u00e9tablir une permanence<\/li>\n<li>Le manque de permanence sur terre, la mort et le d\u00e9c\u00e8s<\/li>\n<li>L\u2019\u00e9volution de la tradition, de la culture et de la religion<\/li>\n<li>Modification corporelle<\/li>\n<li>L\u2019Internet (\u00ab\u00a0link rot\u00a0\u00bb, l\u2019impermanence des \u0153uvres virtuelles)<\/li>\n<li>Des m\u00e9diums qui sont permanents (ou qui ne le sont pas\u00a0: d\u00e9faire\u2009; changer\u2009; d\u00e9grader)<\/li>\n<li>L\u2019(Im)permanence des identit\u00e9s (ex.\u00a0: sexe, religion, nationalit\u00e9)<\/li>\n<li>Les relations, les racines, les communaut\u00e9s (ce qui nous lie les uns aux autres, aux lieux et aux choses\u2009; ou des liens coup\u00e9s).<\/li>\n<li>Impermanence\u2009; des choses qui semblent permanentes, mais qui ne le sont pas, ou des choses qui n\u2019ont jamais \u00e9t\u00e9 permanentes<\/li>\n<li>Sujets li\u00e9s \u00e0 la psychologie et \u00e0 la sant\u00e9 mentale<\/li>\n<li>Affiliations (politiques, nationales, religieuses)\u2009; la fa\u00e7on dont nos opinions changent avec le temps (ou rapidement)<\/li>\n<li>L\u2019environnement<\/li>\n<li>Changement social, Tikkun Olam\/la r\u00e9paration du monde<\/li>\n<li>Obstacles\u2009; des probl\u00e8mes apparemment insurmontables<\/li>\n<li>Marqueurs culturels (r\u00e9cits historiques, monuments, patrimoine immat\u00e9riel, langue)<\/li>\n<\/ul>\n<p>&nbsp;<\/p>\n<p><strong>Pour soumettre votre candidature\u00a0:<\/strong><\/p>\n<p><strong>Date Limite : le 20 d\u00e9cembre, 2019 \u00e0 09 h (heure de Montr\u00e9al\/heure normale de l\u2019Est)<\/strong><\/p>\n<p>Faire parvenir par courriel au : exhibitions@imjm.ca<\/p>\n<p>Objet du courriel : Proposition d\u2019exposition 2020\/21 [Nom], [Pr\u00e9nom]<\/p>\n<p><strong>Les dossiers de proposition d\u2019exposition doivent \u00eatre achemin\u00e9s en un seul fichier PDF<\/strong> (taille maximale de 25\u00a0MB)<\/p>\n<p>Les fichiers PDF de proposition DOIVENT \u00eatre intitul\u00e9s \u00ab\u00a0Nom, Pr\u00e9nom \u2014 MJM 20-21\u00a0\u00bb<\/p>\n<p>&nbsp;<\/p>\n<p><strong><em>Veuillez noter que le Mus\u00e9e du Montr\u00e9al juif dispose d\u2019un temps limit\u00e9 pour \u00e9tudier chacune des candidatures. Les demandes incompl\u00e8tes ou qui n&rsquo;adh\u00e8rent pas aux directives ne seront pas prises en consid\u00e9ration.<\/em><\/strong><\/p>\n<p><span style=\"font-weight: 400;\">\u00a0<\/span><\/p>\n<p>Tous les postulant-e-s recevront un accus\u00e9 r\u00e9ception. Les candidat-e-s retenus seront contact\u00e9s d\u2019ici la fin de janvier 2020. Les artistes sont r\u00e9mun\u00e9r\u00e9s selon les directives de CARFAC-RAAV.<\/p>\n<p><span style=\"font-weight: 400;\">\u00a0<\/span><\/p>\n<p>Le Mus\u00e9e du Montr\u00e9al juif encourage la diversit\u00e9 et accueille les candidat-e-s de toutes origines culturelles et sociales.<\/p>\n<p><span style=\"font-weight: 400;\">\u00a0<\/span><\/p>\n<p>Informations personnelles<\/p>\n<ol>\n<li>\u00a0 \u00a0 Nom\u00a0:<\/li>\n<li>\u00a0 \u00a0 Br\u00e8ve biographie (100-250 mots)\u00a0:<\/li>\n<li>\u00a0 \u00a0 Lien vers votre site web ou vos \u0153uvres publi\u00e9es<\/li>\n<li>\u00a0 \u00a0 CV (maximum de 2 pages par personne)<\/li>\n<li>\u00a0 \u00a0 Vos coordonn\u00e9es (adresse courriel, num\u00e9ro de t\u00e9l\u00e9phone, adresse postale)<\/li>\n<\/ol>\n<p><span style=\"font-weight: 400;\">\u00a0<\/span><\/p>\n<p>Proposition d\u2019exposition<\/p>\n<ol>\n<li>\u00a0 \u00a0 Titre du projet propos\u00e9<\/li>\n<li>\u00a0 \u00a0 Type de m\u00e9dia ex. photographie, installation, arts m\u00e9diatiques, etc.<\/li>\n<li>\u00a0 \u00a0 R\u00e9sum\u00e9 du projet\/d\u00e9claration de l\u2019artiste (250 mots maximum). Quel est le concept\u2009?<\/li>\n<li>\u00a0 \u00a0 Description du projet (500 mots maximum). Quels sont les \u00e9l\u00e9ments mat\u00e9riels de l\u2019exposition\u2009? Comment voyez-vous le public interagir avec elles\u2009? Comment imaginez-vous qu\u2019elle soit install\u00e9e dans l\u2019espace\u2009? (Veuillez vous familiariser avec l\u2019espace. Notre mus\u00e9e contient \u00e9galement une boutique et un caf\u00e9. <a href=\"https:\/\/museemontrealjuif.ca\/wp-content\/uploads\/2019\/02\/MJM_ExhibitionFloorPlan-1.pdf\">Voir le plan d\u2019\u00e9tage pour r\u00e9f\u00e9rence.<\/a>)<\/li>\n<li>\u00a0 \u00a0 En quoi les th\u00e8mes de votre projet sont-ils li\u00e9s \u00e0 la culture, \u00e0 la vie, \u00e0 l\u2019histoire, ou aux int\u00e9r\u00eats de Montr\u00e9al <strong>et\/ou<\/strong> de la communaut\u00e9 juive\u2009? Nous ne nous attendons pas que vous soyez un expert ou m\u00eame juif\u2009! Il suffit de nous montrer votre processus de r\u00e9flexion. (250 mots maximum).<\/li>\n<li>\u00a0 \u00a0 En quoi votre projet s\u2019inscrit-il dans la s\u00e9rie d\u2019expositions 2020-21 <em>Permanence\u2009? <\/em>(250 mots maximum)<\/li>\n<li>\u00a0 \u00a0 Description technique ex. mat\u00e9riel et \u00e9quipements n\u00e9cessaires \u00e0 la diffusion de l\u2019\u0153uvre. Merci de pr\u00e9ciser si vous fournirez votre propre \u00e9quipement ou si vous aurez besoin de l\u2019aide du mus\u00e9e pour vous procurer du mat\u00e9riel ou de l\u2019\u00e9quipement (veuillez dresser une liste).<\/li>\n<li>\u00a0 \u00a0 Besoins particuliers d\u2019assistance ex.\u00a0 assistance technique, aide \u00e0 la recherche, traduction, production, etc.<\/li>\n<li>\u00a0 \u00a0 Programmation compl\u00e9mentaire (250 mots maximum). Aimeriez-vous proposer des ateliers, des discussions ou des \u00e9v\u00e9nements dans le cadre de votre projet d\u2019exposition\u2009?<\/li>\n<li>\u00a0 \u00a0 Financement externe (s\u2019il y a lieu : avez-vous des sources de financement ext\u00e9rieur confirm\u00e9es\u2009? Pr\u00e9voyez-vous postuler pour d\u2019autres subventions\u2009?)<\/li>\n<\/ol>\n<p><strong>Documents d\u2019appui\u00a0:<\/strong><\/p>\n<ul>\n<li>Vous pouvez joindre jusqu\u2019\u00e0 10 documents d\u2019appui en lien avec le projet que vous proposez ou avec vos \u0153uvres r\u00e9centes. Il peut s\u2019agir de 10 images ou d\u2019une combinaison d\u2019images ou d\u2019un maximum de 5 extraits audios ou vid\u00e9os (transmettre via des liens URL, dur\u00e9e maximale de 2 minutes, merci d\u2019indiquer les mots de passe n\u00e9cessaires le cas \u00e9ch\u00e9ant). Identifiez chaque image et chaque lien avec un titre, m\u00e9dium, dimensions\/dur\u00e9e, lieu (ville, pays), ann\u00e9e.<\/li>\n<\/ul>\n<p>&nbsp;<\/p>\n<p><strong>Optionnel\u00a0:<\/strong><\/p>\n<p>Presse\u00a0: Nous vous invitons \u00e0 inclure des liens vers toute couverture de presse.[\/vc_column_text][\/vc_column][\/vc_row]<\/p>\n<\/div>","protected":false},"excerpt":{"rendered":"<p>[vc_row][vc_column][vc_column_text css=\u00a0\u00bb.vc_custom_1575927331836{padding-right: 20px !important;padding-left: 20px !important;}\u00a0\u00bb] PERMANENCE : 2020-21 Appel de dossiers Date Limite : le 15 d\u00e9cembre, 2019 \u00e0 23 h 59 (heure de Montr\u00e9al\/heure normale de l\u2019Est) \u00a0*** Date Limite : le 20 d\u00e9cembre, 2019 \u00e0 09 h *** &nbsp; \u00c0 propos du mus\u00e9e Le Mus\u00e9e du Montr\u00e9al&#8230;<\/p>\n","protected":false},"author":5,"featured_media":35469,"comment_status":"closed","ping_status":"closed","sticky":false,"template":"","format":"standard","meta":{"footnotes":""},"categories":[87],"tags":[],"class_list":["post-35472","post","type-post","status-publish","format-standard","has-post-thumbnail","category-opportunites-fr"],"menu_order":0,"_links":{"self":[{"href":"https:\/\/museemontrealjuif.ca\/fr\/wp-json\/wp\/v2\/posts\/35472","targetHints":{"allow":["GET"]}}],"collection":[{"href":"https:\/\/museemontrealjuif.ca\/fr\/wp-json\/wp\/v2\/posts"}],"about":[{"href":"https:\/\/museemontrealjuif.ca\/fr\/wp-json\/wp\/v2\/types\/post"}],"author":[{"embeddable":true,"href":"https:\/\/museemontrealjuif.ca\/fr\/wp-json\/wp\/v2\/users\/5"}],"replies":[{"embeddable":true,"href":"https:\/\/museemontrealjuif.ca\/fr\/wp-json\/wp\/v2\/comments?post=35472"}],"version-history":[{"count":0,"href":"https:\/\/museemontrealjuif.ca\/fr\/wp-json\/wp\/v2\/posts\/35472\/revisions"}],"wp:featuredmedia":[{"embeddable":true,"href":"https:\/\/museemontrealjuif.ca\/fr\/wp-json\/wp\/v2\/media\/35469"}],"wp:attachment":[{"href":"https:\/\/museemontrealjuif.ca\/fr\/wp-json\/wp\/v2\/media?parent=35472"}],"wp:term":[{"taxonomy":"category","embeddable":true,"href":"https:\/\/museemontrealjuif.ca\/fr\/wp-json\/wp\/v2\/categories?post=35472"},{"taxonomy":"post_tag","embeddable":true,"href":"https:\/\/museemontrealjuif.ca\/fr\/wp-json\/wp\/v2\/tags?post=35472"}],"curies":[{"name":"wp","href":"https:\/\/api.w.org\/{rel}","templated":true}]}}