{"id":40251,"date":"2022-06-06T20:18:38","date_gmt":"2022-06-06T20:18:38","guid":{"rendered":"https:\/\/museemontrealjuif.ca\/nouvelle-addresse-au-5220-boulevard-st-laurent\/"},"modified":"2023-03-09T20:46:40","modified_gmt":"2023-03-09T20:46:40","slug":"nouvelle-addresse-au-5220-boulevard-st-laurent","status":"publish","type":"post","link":"https:\/\/museemontrealjuif.ca\/fr\/nouvelle-addresse-au-5220-boulevard-st-laurent\/","title":{"rendered":"Le Mus\u00e9e du Montr\u00e9al juif annonce sa nouvelle adresse au 5220 Boulevard St-Laurent"},"content":{"rendered":"<div class=\"wpb-content-wrapper\"><p>[vc_row][vc_column][vc_column_text]<\/p>\n<p style=\"text-align: right;\">Pour publication imm\u00e9diate<br \/>\n6 juin 2022<\/p>\n<p style=\"text-align: center;\"><b> Le Mus\u00e9e du Montr\u00e9al juif annonce sa nouvelle adresse au 5220 Boulevard St-Laurent <b><\/b><\/b><\/p>\n<p>[\/vc_column_text][vc_column_text]<b>MONTR\u00c9AL, QC \u2013 6 JUIN 2022 \u2013 <\/b><span style=\"font-weight: 400;\">Le Mus\u00e9e du Montr\u00e9al juif (MMJ) est fier d\u2019annoncer que ses nouveaux locaux seront situ\u00e9s au 5220 Boulevard St-Laurent. <\/span><span style=\"font-weight: 400;\">Le b\u00e2timent de 10 000 pieds carr\u00e9s, situ\u00e9 au c\u0153ur du Mile End, instaure un nouvel espace culturel et d\u2019arts publics dans le quartier en pr\u00e9sentant une programmation innovante se focalisant sur le pass\u00e9, le pr\u00e9sent et l\u2019avenir du Montr\u00e9al juif. <\/span><span style=\"font-weight: 400;\">La future maison du MMJ proposera de nombreuses opportunit\u00e9s aux visiteurs pour se connecter et s\u2019inspirer de l\u2019art, de la culture et de l\u2019h\u00e9ritage juifs de Montr\u00e9al en employant des approches enthousiastes et novatrices.<\/span><\/p>\n<p><span style=\"font-weight: 400;\">Construite en 1914, la nouvelle adresse du MMJ a, pendant quelque temps, accueilli une usine de v\u00eatements, une synagogue, et une \u00e9cole juive tout au long des ann\u00e9es 1920, et le MMJ se r\u00e9jouit de recr\u00e9er ce lien entre ce b\u00e2timent et ses racines juives. Entre 1984 et 1996, ce lieu a \u00e9galement abrit\u00e9 Le Lux, un bar-restaurant et boutique de magazines ouvert 24h\/7, qui \u00e9tait, pour l\u2019\u00e9poque, <\/span><span style=\"font-weight: 400;\">l&rsquo;un des principaux lieux de rencontre de la ville.<\/span><span style=\"font-weight: 400;\">. Ce b\u00e2timent n\u2019a pas \u00e9t\u00e9 ouvert au public depuis plus de 25 ans, et le MMJ est enchant\u00e9 de redonner vie \u00e0 ce lieu embl\u00e9matique charg\u00e9 d\u2019histoires, de cr\u00e9ativit\u00e9 et de rencontres. <\/span>[\/vc_column_text][vc_row_inner][vc_column_inner width=\u00a0\u00bb1\/2&Prime; disable_custom_paddings_tablet=\u00a0\u00bbtrue\u00a0\u00bb disable_custom_paddings_mobile=\u00a0\u00bbtrue\u00a0\u00bb css=\u00a0\u00bb.vc_custom_1654537955735{padding-top: 24px !important;}\u00a0\u00bb][vc_single_image image=\u00a0\u00bb40235&Prime; img_size=\u00a0\u00bblarge\u00a0\u00bb alignment=\u00a0\u00bbcenter\u00a0\u00bb][vc_column_text css=\u00a0\u00bb.vc_custom_1654547073176{margin-top: 0px !important;padding-top: 0px !important;}\u00a0\u00bb]<span style=\"color: #808080; font-size: 80%;\">Fa\u00e7ade du 5220 boulevard Saint Laurent. Avec le consentement d&rsquo;Immophoto.<\/span>[\/vc_column_text][\/vc_column_inner][vc_column_inner width=\u00a0\u00bb1\/2&Prime; disable_custom_paddings_tablet=\u00a0\u00bbtrue\u00a0\u00bb disable_custom_paddings_mobile=\u00a0\u00bbtrue\u00a0\u00bb css=\u00a0\u00bb.vc_custom_1654537971912{padding-top: 24px !important;}\u00a0\u00bb][vc_single_image image=\u00a0\u00bb40233&Prime; img_size=\u00a0\u00bblarge\u00a0\u00bb alignment=\u00a0\u00bbcenter\u00a0\u00bb][vc_column_text css=\u00a0\u00bb.vc_custom_1654547065716{margin-top: 0px !important;padding-top: 0px !important;}\u00a0\u00bb]<span style=\"color: #808080; font-size: 80%;\">Foyer du 5220 boulevard Saint Laurent. Avec le consentement d&rsquo;Immophoto.<\/span>[\/vc_column_text][\/vc_column_inner][\/vc_row_inner][vc_column_text]<span style=\"font-weight: 400;\">Depuis sa cr\u00e9ation en 2010, le MMJ a centr\u00e9 ses actions sur la mise \u00e0 disposition d\u2019un espace pour les visiteurs et en particulier les jeunes afin d\u2019explorer l\u2019identit\u00e9 juive de Montr\u00e9al \u00e0 travers une vari\u00e9t\u00e9 d\u2019exp\u00e9riences culturelles. Le MMJ, par le biais de ce nouveau lieu, <\/span><span style=\"font-weight: 400;\">va d\u00e9velopper <\/span><span style=\"font-weight: 400;\">sa programmation et proposer de nouvelles expositions d\u2019art contemporain, des \u00e9v\u00e9nements culturels, des visites guid\u00e9es historiques et gourmandes, des rencontres communautaires et bien plus encore. Comme le dit Zev Moses, le Directeur Ex\u00e9cutif du Mus\u00e9e du Montr\u00e9al juif : \u00ab Apr\u00e8s deux ans de construction de notre communaut\u00e9 \u00e0 distance, il est temps de cr\u00e9er une r\u00e9sidence concr\u00e8te pour ces personnes, dont le nombre ne cesse d\u2019augmenter, qui sont \u00e0 la recherche de nouvelles connexions culturelles et cr\u00e9atives vers la vie juive de Montr\u00e9al. \u00bb<\/span><\/p>\n<p><span style=\"font-weight: 400;\"><span style=\"font-weight: 400;\">La force du Mus\u00e9e se base sur sa vision<\/span> <span style=\"font-weight: 400;\">d\u2019un solide \u00e9cosyst\u00e8me culturel et d\u2019arts juifs.<\/span> <span style=\"font-weight: 400;\">Alyssa Stokvis-Hauer, Directrice Artistique du Mus\u00e9e du Montr\u00e9al juif a d\u00e9clar\u00e9 : \u00ab Nous voulons offrir aux jeunes adultes un endroit pour \u00eatre cr\u00e9atifs.ives, curieux.euses et connect\u00e9s.es avec une identit\u00e9 juive qui correspond \u00e0 leur fa\u00e7on d\u2019\u00eatre.\u00bb<\/span><\/span><\/p>\n<p><span style=\"font-weight: 400;\">Lorsque le MMJ \u00e9tait majoritairement virtuel, le Mus\u00e9e a rassembl\u00e9 en une v\u00e9ritable et solide plaque tournante toute une communaut\u00e9 de jeunes membres. Depuis, cette \u00e9nergie s\u2019est solidifi\u00e9e et est pr\u00eate \u00e0 se mobiliser davantage dans ce nouvel espace. Ces relations poussent plus que jamais le MMJ \u00e0 d\u00e9livrer une programmation innovante, exp\u00e9rimentale et adaptable au sein m\u00eame de sa future r\u00e9sidence ce qui permettra \u00e0 chacun.e de se sentir connect\u00e9.e et inspir\u00e9.e par une identit\u00e9 et un h\u00e9ritage juifs. <\/span><\/p>\n<p><span style=\"font-weight: 400;\">Zev Moses, le Directeur Ex\u00e9cutif du Mus\u00e9e du Montr\u00e9al juif a d\u00e9clar\u00e9<\/span><span style=\"font-weight: 400;\">:<\/span> <span style=\"font-weight: 400;\">\u00ab Les gens attendent d\u2019avoir des espaces o\u00f9 l\u2019on peut se rassembler, et nous voulons donner vie \u00e0 notre maison le plus rapidement possible. \u00bb. Alors, \u00e0 partir de juillet 2022, le MMJ va commencer \u00e0 activer ses nouveaux espaces en proposant une programmation artistique et culturelle. En octobre, le MMJ accueillera sa premi\u00e8re exposition d\u2019art au sein m\u00eame de sa nouvelle r\u00e9sidence, ce qui co\u00efncidera \u00e9galement avec un projet de fresque murale publique et d\u2019autres projets connexes. Les travaux de r\u00e9novation d\u00e9buteront en 2023 afin de rendre les \u00e9tages sup\u00e9rieurs accessibles. Pendant cette phase, l\u2019\u00e9quipe du Mus\u00e9e va pouvoir concevoir le d\u00e9veloppement des infrastructures programmatiques qui s\u2019int\u00e9greront dans sa nouvelle demeure. Le nouveau MMJ organisera une ouverture officielle plus tard en 2024. Entre-temps, les nouveaux quartiers du Mus\u00e9e n\u2019ouvriront leurs portes que pour certains \u00e9v\u00e8nements et certaines expositions uniquement. <\/span><\/p>\n<p><span style=\"font-weight: 400;\">En attendant, le MMJ invite tout le monde \u00e0 rester connect\u00e9s.es par le biais de nos r\u00e9seaux sociaux o\u00f9 les premiers \u00e9v\u00e8nements seront annonc\u00e9s publiquement, et o\u00f9 plusieurs informations concernant ce nouveau lieu seront communiqu\u00e9es dans le courant des prochains mois. <\/span><\/p>\n<p><span style=\"font-weight: 400;\">Alors que le MMJ prend progressivement forme dans sa nouvelle r\u00e9sidence au cours de l\u2019ann\u00e9e \u00e0 venir, le Mus\u00e9e collecte des fonds pour soutenir sa programmation sur le long terme. \u00ab Nous nous r\u00e9jouissons d\u2019avoir cet espace incroyable o\u00f9 nous avons la possibilit\u00e9 de rassembler les gens et d\u2019exp\u00e9rimenter les arts et la culture juifs avec de nouvelles et excitantes approches. Aujourd\u2019hui, <\/span><span style=\"font-weight: 400;\"><span style=\"font-weight: 400;\">nous avons besoin de nouveaux soutiens pour nous permettre de remplir cet espace d&rsquo;\u00e9v\u00e9nements avant-gardistes, d\u2019expositions, d\u2019ateliers et de moments conviviaux qui permettront \u00e0 cet \u00e9cosyst\u00e8me juif de cro\u00eetre pleinement. \u00bb a ajout\u00e9 Zev Moses.<\/span><\/span><\/p>\n<p><span style=\"font-weight: 400;\">Elana Ludman, Pr\u00e9sidente du Mus\u00e9e du Montr\u00e9al juif, a d\u00e9clar\u00e9 : <\/span><span style=\"font-weight: 400;\">\u00ab Nous avons toujours \u00e9t\u00e9 une organisation d\u2019accueil et d\u2019inclusion pour l\u2019art, la culture et le patrimoine, et ce lieu nous permet d\u2019accomplir cette vision tout en ouvrant le champ des possibles. Nous avons tous.tes travaill\u00e9s.es dur pour faire de ce jour une r\u00e9alit\u00e9 et nous sommes enthousiastes \u00e0 l\u2019id\u00e9e de grandir et d\u2019\u00e9voluer en tant qu\u2019espace artistique et culturel \u00e0 Montr\u00e9al. Cette nouvelle maison va nous permettre de r\u00e9aliser ce r\u00eave. \u00bb<\/span><\/p>\n<p>&nbsp;<\/p>\n<p><b>Information : <\/b><b><br \/>\n<\/b><span style=\"font-weight: 400;\">Austin Henderson<\/span><span style=\"font-weight: 400;\"><br \/>\n<\/span><span style=\"font-weight: 400;\">Gestionnaire de la programmation artistique et des communications<\/span><span style=\"font-weight: 400;\"><br \/>\n<\/span><span style=\"font-weight: 400;\">Mus\u00e9e du Montr\u00e9al juif<\/span><span style=\"font-weight: 400;\"><br \/>\n<\/span><a href=\"mailto:austin@imjm.ca\"><span style=\"font-weight: 400;\">austin@imjm.ca<\/span><\/a> <span style=\"font-weight: 400;\"><br \/>\n<\/span><span style=\"font-weight: 400;\">(514) 840-9300<\/span>[\/vc_column_text][\/vc_column][\/vc_row]<\/p>\n<\/div>","protected":false},"excerpt":{"rendered":"<p>[vc_row][vc_column][vc_column_text] Pour publication imm\u00e9diate 6 juin 2022 Le Mus\u00e9e du Montr\u00e9al juif annonce sa nouvelle adresse au 5220 Boulevard St-Laurent [\/vc_column_text][vc_column_text]MONTR\u00c9AL, QC \u2013 6 JUIN 2022 \u2013 Le Mus\u00e9e du Montr\u00e9al juif (MMJ) est fier d\u2019annoncer que ses nouveaux locaux seront situ\u00e9s au 5220 Boulevard St-Laurent. Le b\u00e2timent de 10&#8230;<\/p>\n","protected":false},"author":5,"featured_media":0,"comment_status":"closed","ping_status":"closed","sticky":false,"template":"","format":"standard","meta":{"footnotes":""},"categories":[109],"tags":[],"class_list":["post-40251","post","type-post","status-publish","format-standard","category-salle-de-presse"],"menu_order":0,"_links":{"self":[{"href":"https:\/\/museemontrealjuif.ca\/fr\/wp-json\/wp\/v2\/posts\/40251","targetHints":{"allow":["GET"]}}],"collection":[{"href":"https:\/\/museemontrealjuif.ca\/fr\/wp-json\/wp\/v2\/posts"}],"about":[{"href":"https:\/\/museemontrealjuif.ca\/fr\/wp-json\/wp\/v2\/types\/post"}],"author":[{"embeddable":true,"href":"https:\/\/museemontrealjuif.ca\/fr\/wp-json\/wp\/v2\/users\/5"}],"replies":[{"embeddable":true,"href":"https:\/\/museemontrealjuif.ca\/fr\/wp-json\/wp\/v2\/comments?post=40251"}],"version-history":[{"count":0,"href":"https:\/\/museemontrealjuif.ca\/fr\/wp-json\/wp\/v2\/posts\/40251\/revisions"}],"wp:attachment":[{"href":"https:\/\/museemontrealjuif.ca\/fr\/wp-json\/wp\/v2\/media?parent=40251"}],"wp:term":[{"taxonomy":"category","embeddable":true,"href":"https:\/\/museemontrealjuif.ca\/fr\/wp-json\/wp\/v2\/categories?post=40251"},{"taxonomy":"post_tag","embeddable":true,"href":"https:\/\/museemontrealjuif.ca\/fr\/wp-json\/wp\/v2\/tags?post=40251"}],"curies":[{"name":"wp","href":"https:\/\/api.w.org\/{rel}","templated":true}]}}