{"id":42910,"date":"2024-10-16T21:04:00","date_gmt":"2024-10-16T21:04:00","guid":{"rendered":"https:\/\/museemontrealjuif.ca\/?p=42910"},"modified":"2024-11-11T20:48:56","modified_gmt":"2024-11-11T20:48:56","slug":"theatre-dybbuk-au-musee-du-montreal-juif","status":"publish","type":"post","link":"https:\/\/museemontrealjuif.ca\/fr\/theatre-dybbuk-au-musee-du-montreal-juif\/","title":{"rendered":"theatre dybbuk au Mus\u00e9e du Montr\u00e9al juif"},"content":{"rendered":"<p><img class=\"wp-image-42911 aligncenter\" src=\"https:\/\/museemontrealjuif.ca\/wp-content\/uploads\/2024\/10\/theatre-dybbuk-Residency-Website-Banner-FR-1200x728-with-noise-300x182.png\" alt=\"\" width=\"604\" height=\"366\" srcset=\"https:\/\/museemontrealjuif.ca\/wp-content\/uploads\/2024\/10\/theatre-dybbuk-Residency-Website-Banner-FR-1200x728-with-noise-300x182.png 300w, https:\/\/museemontrealjuif.ca\/wp-content\/uploads\/2024\/10\/theatre-dybbuk-Residency-Website-Banner-FR-1200x728-with-noise-1024x621.png 1024w, https:\/\/museemontrealjuif.ca\/wp-content\/uploads\/2024\/10\/theatre-dybbuk-Residency-Website-Banner-FR-1200x728-with-noise-768x466.png 768w, https:\/\/museemontrealjuif.ca\/wp-content\/uploads\/2024\/10\/theatre-dybbuk-Residency-Website-Banner-FR-1200x728-with-noise.png 1200w\" sizes=\"(max-width: 604px) 100vw, 604px\" \/><\/p>\n<p style=\"text-align: center;\"><strong>Nous sommes ravis d&rsquo;accueillir la compagnie de th\u00e9\u00e2tre juive <a href=\"https:\/\/www.theatredybbuk.org\/residencies\">theatre dybbuk<\/a> \u00e0 Montr\u00e9al pour une r\u00e9sidence d&rsquo;une semaine au Mus\u00e9e du Montr\u00e9al juif.<\/strong><\/p>\n<p style=\"text-align: center;\">Du 14 au 18 novembre, l&rsquo;ensemble bas\u00e9 \u00e0 Los Angeles pr\u00e9sentera trois spectacles en direct, dont les premi\u00e8res canadiennes de ses productions originales <em>The Merchant of V<\/em>en<em>ice (Annotated)<\/em>, ou <em>In Sooth I Know Not Why I Am So Sad<\/em>, et <em>Dracula (Annotate<\/em>d<em>)<\/em>. Le groupe pr\u00e9sentera \u00e9galement une performance artistique de longue dur\u00e9e, <em>The Villainy You Teach<\/em>, inspir\u00e9e d&rsquo;un c\u00e9l\u00e8bre discours de Shakespeare. Les fans d&rsquo;horreur gothique et de Shakespeare, ainsi que les amateur\u2022euse\u2022s de th\u00e9\u00e2tre et d&rsquo;histoire en g\u00e9n\u00e9ral, y trouveront leur bonheur.<\/p>\n<p style=\"text-align: center;\">Explorant les legs de l&rsquo;antis\u00e9mitisme et d&rsquo;autres formes de pr\u00e9jug\u00e9s, les productions de theatre dybbuk remettent en question ces \u0153uvres litt\u00e9raires bien connues et culturellement influentes afin de perturber les mani\u00e8res plus famili\u00e8res ou plus confortables de les aborder.<\/p>\n<p style=\"text-align: center;\"><strong>Pour en savoir plus sur chacune de leurs spectacles au Mus\u00e9e et pour r\u00e9server votre place, consultez les liens ci-dessous.<\/strong><\/p>\n<p>&nbsp;<\/p>\n<p style=\"text-align: left;\"><span style=\"font-size: 18px;\"><a href=\"https:\/\/jlive.app\/fr\/events\/9488\"><img class=\"alignleft wp-image-42892 size-medium\" style=\"font-size: 16px;\" src=\"https:\/\/museemontrealjuif.ca\/wp-content\/uploads\/2024\/10\/FINAL-Merchant-of-Venice-Annotated-Jlive-Banner-v2-300x188.png\" alt=\"\" width=\"300\" height=\"188\" srcset=\"https:\/\/museemontrealjuif.ca\/wp-content\/uploads\/2024\/10\/FINAL-Merchant-of-Venice-Annotated-Jlive-Banner-v2-300x188.png 300w, https:\/\/museemontrealjuif.ca\/wp-content\/uploads\/2024\/10\/FINAL-Merchant-of-Venice-Annotated-Jlive-Banner-v2-768x480.png 768w, https:\/\/museemontrealjuif.ca\/wp-content\/uploads\/2024\/10\/FINAL-Merchant-of-Venice-Annotated-Jlive-Banner-v2.png 960w\" sizes=\"(max-width: 300px) 100vw, 300px\" \/><\/a><\/span><span style=\"font-size: 20px;\"><span style=\"text-decoration: underline;\"><strong><em>The Merchant of Venice (Annotated),\u00a0<\/em>ou<em>\u00a0In Sooth I Know Not Why I Am So Sad<br \/>\n<\/em><\/strong><\/span><strong><em>Jeudi le 14 novembre, 19 h<\/em><\/strong><\/span><br \/>\nQu&rsquo;est-ce qu&rsquo;une pi\u00e8ce de th\u00e9\u00e2tre \u00e9crite au XVIe si\u00e8cle en Angleterre peut nous apprendre sur la fa\u00e7on dont l&rsquo;antis\u00e9mitisme et d&rsquo;autres croyances pr\u00e9judiciables op\u00e8rent dans notre monde d&rsquo;aujourd&rsquo;hui ? Cette premi\u00e8re canadienne sera pr\u00e9sent\u00e9e par le professeur d&rsquo;\u00e9tudes shakespeariennes\u00a0<strong>Paul Yachnin\u00a0<\/strong>(Universit\u00e9 McGill). <strong>En anglais.<\/strong><br \/>\n<span style=\"text-decoration: underline;\"><strong><a href=\"https:\/\/jlive.app\/fr\/events\/9488\">Pour en savoir plus.<\/a><\/strong><\/span><\/p>\n<p>&nbsp;<\/p>\n<p style=\"text-align: left;\"><span style=\"font-size: 18px;\"><strong><u><a href=\"https:\/\/jlive.app\/fr\/events\/9495\"><img class=\"alignleft wp-image-42896 size-medium\" src=\"https:\/\/museemontrealjuif.ca\/wp-content\/uploads\/2024\/10\/FINAL-Dracula-Annotated-Jlive-Banner-v2-300x188.png\" alt=\"\" width=\"300\" height=\"188\" srcset=\"https:\/\/museemontrealjuif.ca\/wp-content\/uploads\/2024\/10\/FINAL-Dracula-Annotated-Jlive-Banner-v2-300x188.png 300w, https:\/\/museemontrealjuif.ca\/wp-content\/uploads\/2024\/10\/FINAL-Dracula-Annotated-Jlive-Banner-v2-768x480.png 768w, https:\/\/museemontrealjuif.ca\/wp-content\/uploads\/2024\/10\/FINAL-Dracula-Annotated-Jlive-Banner-v2.png 960w\" sizes=\"(max-width: 300px) 100vw, 300px\" \/><\/a><\/u><\/strong><\/span><span style=\"font-size: 18px;\"><strong><span style=\"font-size: 20px;\"><u><em>Dracula<\/em> (Annotated)<br \/>\n<\/u><em>Samedi le 16 novembre, 19 h<\/em><\/span><br \/>\n<\/strong><\/span>D\u00e9couvrez en avant-premi\u00e8re le projet en cours de la compagnie, dans lequel elle \u00e9tudie le roman\u00a0<em>Dracula<\/em> de Bram Stoker, en tissant un m\u00e9lange unique d&rsquo;enqu\u00eate historique juive et de th\u00e9\u00e2tralit\u00e9 pour cr\u00e9er une nouvelle \u0153uvre \u00e0 partir du noyau du texte classique. <strong>En anglais.\u00a0<\/strong><br \/>\n<a href=\"https:\/\/jlive.app\/fr\/events\/9495\"><span style=\"text-decoration: underline;\"><strong>Pour en savoir plus.<\/strong><\/span><\/a><\/p>\n<p>&nbsp;<\/p>\n<p style=\"text-align: left;\"><span style=\"font-size: 18px;\"><strong><u><a href=\"https:\/\/jlive.app\/fr\/events\/9496\"><img class=\"alignleft wp-image-42899 size-medium\" src=\"https:\/\/museemontrealjuif.ca\/wp-content\/uploads\/2024\/10\/FINAL-The-Villainy-You-Teach-Jlive-Banner-300x188.png\" alt=\"\" width=\"300\" height=\"188\" srcset=\"https:\/\/museemontrealjuif.ca\/wp-content\/uploads\/2024\/10\/FINAL-The-Villainy-You-Teach-Jlive-Banner-300x188.png 300w, https:\/\/museemontrealjuif.ca\/wp-content\/uploads\/2024\/10\/FINAL-The-Villainy-You-Teach-Jlive-Banner-768x480.png 768w, https:\/\/museemontrealjuif.ca\/wp-content\/uploads\/2024\/10\/FINAL-The-Villainy-You-Teach-Jlive-Banner.png 960w\" sizes=\"(max-width: 300px) 100vw, 300px\" \/><\/a><\/u><\/strong><\/span><\/p>\n<p><span style=\"text-decoration: underline;\"><span style=\"font-size: 18px;\"><strong><span style=\"font-size: 20px;\"><em>The Villainy You Teach<\/em><br \/>\n<\/span><\/strong><\/span><\/span><em><span style=\"font-size: 18px;\"><strong><span style=\"font-size: 20px;\">Dimanche le 17 novembre, 14 h \u00e0 16 h 30<\/span><br \/>\n<\/strong><\/span><\/em>Explorant un c\u00e9l\u00e8bre discours du Marchand de Venise de Shakespeare, cette performance interactive \u00e9tudie comment le langage peut \u00e0 la fois rev\u00eatir une grande vari\u00e9t\u00e9 de significations et perdre tout son sens \u00e0 force d&rsquo;\u00eatre examin\u00e9 et expos\u00e9. Les visiteurs sont invit\u00e9s \u00e0 assister \u00e0 l&rsquo;interpr\u00e9tation de ce discours par un acteur qui le r\u00e9cite des dizaines, voire des centaines de fois. <strong>En anglais.\u00a0<\/strong><br \/>\n<a href=\"https:\/\/jlive.app\/fr\/events\/9496\"><span style=\"text-decoration: underline;\"><strong>Pour en savoir plus.<\/strong><\/span><\/a><\/p>\n<p><strong><span style=\"text-decoration: underline;\"><img class=\"size-medium wp-image-43006 alignleft\" src=\"https:\/\/museemontrealjuif.ca\/wp-content\/uploads\/2024\/11\/Theatre-dybbuk-masterclass-Jlive-banner-300x188.png\" alt=\"\" width=\"300\" height=\"188\" srcset=\"https:\/\/museemontrealjuif.ca\/wp-content\/uploads\/2024\/11\/Theatre-dybbuk-masterclass-Jlive-banner-300x188.png 300w, https:\/\/museemontrealjuif.ca\/wp-content\/uploads\/2024\/11\/Theatre-dybbuk-masterclass-Jlive-banner-768x480.png 768w, https:\/\/museemontrealjuif.ca\/wp-content\/uploads\/2024\/11\/Theatre-dybbuk-masterclass-Jlive-banner.png 960w\" sizes=\"(max-width: 300px) 100vw, 300px\" \/>Patrimoine, heritage, et humanit\u00e9 : Un atelier<\/span><\/strong><br \/>\n<strong>Lundi 18 novembre, 18 h<\/strong><br \/>\nDans cet atelier gratuit, les artistes du theatre dybbuk emm\u00e8neront les participant\u2022e\u2022s \u00e0 travers un processus dans lequel ils obtiendront des outils pour enqu\u00eater sur leurs propres r\u00e9cits personnels et\/ou communautaires. L&rsquo;ensemble emm\u00e8neront les participant\u2022e\u2022s dans un processus au cours duquel ils acquerront des outils pour enqu\u00eater sur leurs propres r\u00e9cits personnels et\/ou communautaires, textes et points d&rsquo;inflexion personnels et\/ou communautaires comme autant de vaisseaux pour cr\u00e9er de nouvelles \u0153uvres th\u00e9\u00e2trales qui explorent les complexit\u00e9s de notre monde. <strong>En anglais. <a href=\"https:\/\/jlive.app\/fr\/events\/9763\">Pour en savoir plus.<\/a><\/strong><\/p>\n<p>&nbsp;<\/p>\n<p style=\"text-align: center;\"><u><strong>\u00c0 propos du theatre dybbuk :<\/strong><\/u><br \/>\nFond\u00e9 en 2011,\u00a0<a href=\"https:\/\/www.theatredybbuk.org\/\" target=\"_blank\" rel=\"noopener\">theatre dybbuk<\/a>\u00a0cr\u00e9e des spectacles provocateurs et des rencontres \u00e9ducatives innovantes qui explorent la pens\u00e9e juive pour \u00e9clairer l&rsquo;exp\u00e9rience humaine universelle. Theatre dybbuk imagine un monde o\u00f9 les gens se mettent au d\u00e9fi de se d\u00e9lecter de la complexit\u00e9 de notre humanit\u00e9 partag\u00e9e.<\/p>\n<p style=\"text-align: center;\"><em><strong>Rejoignez le theatre dybbuk \u00e0 Toronto pour une s\u00e9rie de programmes au Prosserman JCC et au Toronto Holocaust Museum du 20 au 24 novembre. Pour plus d&rsquo;infos, veuillez consulter le site : <a href=\"https:\/\/www.kulturacollective.com\/event\/theatre-dybbuk-in-toronto\/\" target=\"_blank\" rel=\"noopener\" data-saferedirecturl=\"https:\/\/www.google.com\/url?q=https:\/\/www.kulturacollective.com\/event\/theatre-dybbuk-in-toronto\/&amp;source=gmail&amp;ust=1729192871054000&amp;usg=AOvVaw3Yyl-swcswtWHJHTLFDmOW\">https:\/\/www.kulturacollective.<wbr \/>com\/event\/theatre-dybbuk-in-<wbr \/>toronto\/<\/a><\/strong><\/em><\/p>\n<p style=\"text-align: center;\"><em>Cette r\u00e9sidence est rendue possible gr\u00e2ce au soutien de la Fondation Covenant.\u00a0<\/em><\/p>\n","protected":false},"excerpt":{"rendered":"<p>Nous sommes ravis d&rsquo;accueillir la compagnie de th\u00e9\u00e2tre juive theatre dybbuk \u00e0 Montr\u00e9al pour une r\u00e9sidence d&rsquo;une semaine au Mus\u00e9e du Montr\u00e9al juif. Du 14 au 18 novembre, l&rsquo;ensemble bas\u00e9 \u00e0 Los Angeles pr\u00e9sentera trois spectacles en direct, dont les premi\u00e8res canadiennes de ses productions originales The Merchant of Venice&#8230;<\/p>\n","protected":false},"author":17,"featured_media":0,"comment_status":"closed","ping_status":"closed","sticky":false,"template":"","format":"standard","meta":{"footnotes":""},"categories":[109],"tags":[],"class_list":["post-42910","post","type-post","status-publish","format-standard","category-salle-de-presse"],"menu_order":0,"_links":{"self":[{"href":"https:\/\/museemontrealjuif.ca\/fr\/wp-json\/wp\/v2\/posts\/42910","targetHints":{"allow":["GET"]}}],"collection":[{"href":"https:\/\/museemontrealjuif.ca\/fr\/wp-json\/wp\/v2\/posts"}],"about":[{"href":"https:\/\/museemontrealjuif.ca\/fr\/wp-json\/wp\/v2\/types\/post"}],"author":[{"embeddable":true,"href":"https:\/\/museemontrealjuif.ca\/fr\/wp-json\/wp\/v2\/users\/17"}],"replies":[{"embeddable":true,"href":"https:\/\/museemontrealjuif.ca\/fr\/wp-json\/wp\/v2\/comments?post=42910"}],"version-history":[{"count":0,"href":"https:\/\/museemontrealjuif.ca\/fr\/wp-json\/wp\/v2\/posts\/42910\/revisions"}],"wp:attachment":[{"href":"https:\/\/museemontrealjuif.ca\/fr\/wp-json\/wp\/v2\/media?parent=42910"}],"wp:term":[{"taxonomy":"category","embeddable":true,"href":"https:\/\/museemontrealjuif.ca\/fr\/wp-json\/wp\/v2\/categories?post=42910"},{"taxonomy":"post_tag","embeddable":true,"href":"https:\/\/museemontrealjuif.ca\/fr\/wp-json\/wp\/v2\/tags?post=42910"}],"curies":[{"name":"wp","href":"https:\/\/api.w.org\/{rel}","templated":true}]}}