{"id":44081,"date":"2025-12-15T21:28:21","date_gmt":"2025-12-15T21:28:21","guid":{"rendered":"https:\/\/museemontrealjuif.ca\/appel-a-candidatures-camj-pour-lelargissement-des-publics\/"},"modified":"2025-12-15T21:28:22","modified_gmt":"2025-12-15T21:28:22","slug":"appel-a-candidatures-camj-pour-lelargissement-des-publics","status":"publish","type":"post","link":"https:\/\/museemontrealjuif.ca\/fr\/appel-a-candidatures-camj-pour-lelargissement-des-publics\/","title":{"rendered":"Appel \u00e0 candidatures : Subvention CAMJ pour l&rsquo;\u00e9largissement des publics"},"content":{"rendered":"<div class=\"wpb-content-wrapper\"><p>[vc_row][vc_column][vc_column_text css=\u00a0\u00bb\u00a0\u00bb]<\/p>\n<div>\n<p><strong>CAJM Subvention pour l&rsquo;\u00e9largissement des publics<br \/>Date limite de candidature : dimanche 25 janvier \u00e0 23 h 59 (heure de l&rsquo;Est)<\/strong><\/p>\n<\/div>\n<div>\n<p dir=\"ltr\">Les candidats \u00e0 la subvention pour \u00e9largissement du public peuvent postuler individuellement ou en petits groupes. Dans le cas d&rsquo;un petit groupe, au moins une personne doit \u00eatre membre du CAJM <\/p>\n<p dir=\"ltr\">Les propositions de projet peuvent \u00eatre le prolongement, le d\u00e9veloppement, la \u00ab prochaine \u00e9tape \u00bb ou la reprise d&rsquo;un projet initialement financ\u00e9 ou explor\u00e9 dans le cadre de la micro-subvention du MJM, de la bourse JAM de Segal ou du programme de bourses Azrieli \u00e0 KlezKanada. Toutes les demandes doivent d\u00e9montrer le lien entre le travail original financ\u00e9 par l&rsquo;une de ces organisations partenaires et le projet qu&rsquo;elles proposent d&rsquo;entreprendre ici. <\/p>\n<p dir=\"ltr\">Toutes les demandes doivent d\u00e9montrer que l&rsquo;objectif principal de leur proposition de projet est de pr\u00e9senter l&rsquo;id\u00e9e et\/ou le r\u00e9sultat \u00e0 un public nouveau et\/ou \u00e9largi. Il peut s&rsquo;agir d&rsquo;un nouveau groupe d\u00e9mographique (adaptation d&rsquo;un projet pour les familles, les publics francophones, etc.), d&rsquo;une augmentation de la capacit\u00e9 d&rsquo;accueil d&rsquo;un \u00e9v\u00e9nement ou d&rsquo;un atelier, ou d&rsquo;un acc\u00e8s plus large au projet. <\/p>\n<p dir=\"ltr\"><a href=\"https:\/\/forms.gle\/fi4MJTPj3amVbWti8\">Cliquez ici pour soumettre une demande de subvention<\/a><\/p>\n<p dir=\"ltr\">Veuillez noter que cette subvention finance en moyenne 1 200 dollars par projet.<\/p>\n<\/div>\n<p dir=\"ltr\"><i><b>Pour toute question concernant la candidature, veuillez contacter info@imjm.ca.<\/b><\/i><\/p>\n<p>[\/vc_column_text][\/vc_column][\/vc_row]<\/p>\n<\/div>","protected":false},"excerpt":{"rendered":"<p>[vc_row][vc_column][vc_column_text css=\u00a0\u00bb\u00a0\u00bb] CAJM Subvention pour l&rsquo;\u00e9largissement des publicsDate limite de candidature : dimanche 25 janvier \u00e0 23 h 59 (heure de l&rsquo;Est) Les candidats \u00e0 la subvention pour \u00e9largissement du public peuvent postuler individuellement ou en petits groupes. Dans le cas d&rsquo;un petit groupe, au moins une personne doit \u00eatre&#8230;<\/p>\n","protected":false},"author":14,"featured_media":0,"comment_status":"closed","ping_status":"closed","sticky":false,"template":"","format":"standard","meta":{"footnotes":""},"categories":[2,87],"tags":[],"class_list":["post-44081","post","type-post","status-publish","format-standard","category-non-classifiee","category-opportunites-fr"],"menu_order":0,"_links":{"self":[{"href":"https:\/\/museemontrealjuif.ca\/fr\/wp-json\/wp\/v2\/posts\/44081","targetHints":{"allow":["GET"]}}],"collection":[{"href":"https:\/\/museemontrealjuif.ca\/fr\/wp-json\/wp\/v2\/posts"}],"about":[{"href":"https:\/\/museemontrealjuif.ca\/fr\/wp-json\/wp\/v2\/types\/post"}],"author":[{"embeddable":true,"href":"https:\/\/museemontrealjuif.ca\/fr\/wp-json\/wp\/v2\/users\/14"}],"replies":[{"embeddable":true,"href":"https:\/\/museemontrealjuif.ca\/fr\/wp-json\/wp\/v2\/comments?post=44081"}],"version-history":[{"count":0,"href":"https:\/\/museemontrealjuif.ca\/fr\/wp-json\/wp\/v2\/posts\/44081\/revisions"}],"wp:attachment":[{"href":"https:\/\/museemontrealjuif.ca\/fr\/wp-json\/wp\/v2\/media?parent=44081"}],"wp:term":[{"taxonomy":"category","embeddable":true,"href":"https:\/\/museemontrealjuif.ca\/fr\/wp-json\/wp\/v2\/categories?post=44081"},{"taxonomy":"post_tag","embeddable":true,"href":"https:\/\/museemontrealjuif.ca\/fr\/wp-json\/wp\/v2\/tags?post=44081"}],"curies":[{"name":"wp","href":"https:\/\/api.w.org\/{rel}","templated":true}]}}