{"id":50176,"date":"2026-04-21T14:56:03","date_gmt":"2026-04-21T14:56:03","guid":{"rendered":"https:\/\/museemontrealjuif.ca\/?p=50176"},"modified":"2026-04-21T16:50:29","modified_gmt":"2026-04-21T16:50:29","slug":"gestionnaire-engagement-communautaire-et-programmation","status":"publish","type":"post","link":"https:\/\/museemontrealjuif.ca\/fr\/gestionnaire-engagement-communautaire-et-programmation\/","title":{"rendered":"Gestionnaire, engagement communautaire et programmation"},"content":{"rendered":"<div class=\"wpb-content-wrapper\"><p>[vc_row][vc_column][vc_column_text css=\u00a0\u00bb\u00a0\u00bb]<strong>Poste : <\/strong>Gestionnaire, engagement communautaire et programmation<strong><br \/>\n<\/strong><strong>Lieu : <\/strong>Montr\u00e9al, QC (Hybride, pr\u00e9sence r\u00e9guli\u00e8re sur place requise)<br \/>\n<strong>Emploi\u00a0: <\/strong>Permanent, temps plein, salari\u00e9, 50\u00a0000\u00a0$ \u00e0 54\u00a0000\u00a0$ (selon l\u2019exp\u00e9rience)<br \/>\n<strong>Date d\u2019entr\u00e9e : <\/strong>Au plus t\u00f4t le 18 juin 2026<br \/>\n<strong>Date limite\u00a0: <\/strong>Mercredi le 20 mai 2026, 9 h 00 HNE<br \/>\n<strong>Postuler : <\/strong><a href=\"mailto:emplois-jobs@imjm.ca\">emplois-jobs@imjm.ca<\/a>, Objet : \u00ab Gestionnaire, engagement communautaire et programmation \u00bb<\/p>\n<p>Le Mus\u00e9e du Montreal juif (MMJ) est un lieu culturel innovant qui met en relation les gens avec la vie juive diversifi\u00e9e de Montr\u00e9al, son patrimoine et sa culture contemporaine, par le biais de programmes publics, de visites guid\u00e9es, d\u2019initiatives communautaires et de projets immersifs. Nous formons une \u00e9quipe petite, collaborative et cr\u00e9ative qui croit au d\u00e9veloppement professionnel et \u00e0 la croissance avec ses membres.<\/p>\n<p>Nous vivons un moment charni\u00e8re et stimulant\u00a0: alors que notre b\u00e2timent principal est en r\u00e9novation, nous d\u00e9finissons activement ce que sera le prochain chapitre du MMJ. <strong>Le\/la personne \u00e0 ce poste de Gestionnaire, engagement communautaire et programmation<\/strong> jouera un r\u00f4le central dans ce processus, en dirigeant notre programmation publique, en approfondissant les relations communautaires et en contribuant \u00e0 \u00e9laborer la vision \u00e0 long terme de notre nouvel espace. Si vous \u00eates stimul\u00e9 par la strat\u00e9gie et la planification que par l\u2019ex\u00e9cution, et souhaite laisser une empreinte r\u00e9elle dans l\u2019\u00e9cosyst\u00e8me culturel montr\u00e9alais, ce poste est pour vous !<\/p>\n<p><strong>Responsabilit\u00e9s<\/strong><\/p>\n<ul>\n<li>Diriger le calendrier annuel de programmation du MMJ, soit environ 50 \u00e9v\u00e9nements par ann\u00e9e\u00a0: ateliers, rassemblements communautaires, programmation familiale, concerts, causeries d\u2019artistes, \u00e9v\u00e9nements de narration, visites th\u00e9matiques, f\u00eates et march\u00e9s d\u2019artisans<\/li>\n<li>Assurer l\u2019engagement relationnel et communautaire\u00a0: sensibilisation individuelle, d\u00e9veloppement et intendance de partenariats, d\u00e9veloppement des publics et sessions de r\u00e9troaction communautaire<\/li>\n<li>Superviser notre CRM\u00a0: maintenir et d\u00e9velopper la base de donn\u00e9es, assurer l\u2019hygi\u00e8ne des donn\u00e9es, produire des statistiques de programmation et des rapports sur les publics pour les demandes de subventions, les rapports aux bailleurs de fonds et la strat\u00e9gie interne<\/li>\n<li>Diriger le programme de micro-subventions pour l\u2019exploration cr\u00e9ative ou culturelle (qui en est \u00e0 sa 6e ann\u00e9e)\u00a0: g\u00e9rer la sensibilisation et le processus d\u2019appel ouvert, le jury des candidatures, animer des s\u00e9minaires de d\u00e9veloppement professionnel et superviser tous les \u00e9v\u00e9nements li\u00e9s au programme<\/li>\n<li>G\u00e9rer le Collectif des arts du Montr\u00e9al juif (CAMJ \/ MJAC)\u00a0: programmation, activit\u00e9s d\u2019engagement et sensibilisation aupr\u00e8s des membres actuels et potentiels<\/li>\n<li>G\u00e9rer la strat\u00e9gie et la planification \u00e9v\u00e9nementielles de bout en bout (conceptualisation, calendrier, budgets, logistique, dotation en personnel et bilans) pour une s\u00e9lection centrale de programmes\u00a0; superviser le personnel de soutien \u00e0 la programmation \u00e0 temps partiel<\/li>\n<li>Jouer un r\u00f4le central dans l\u2019\u00e9laboration de la strat\u00e9gie de programmation \u00e0 long terme pour le prochain espace du MMJ\u00a0: contribuer \u00e0 la vision, d\u00e9velopper des cadres de programmation et aider \u00e0 traduire les objectifs institutionnels en un programme public concret<\/li>\n<li>Soutenir la prospection, la r\u00e9daction et la pr\u00e9sentation de rapports de subventions au besoin\u00a0; entretenir des relations avec les responsables des subventions et des fondations en lien avec les programmes du portefeuille<\/li>\n<li>R\u00e9diger du contenu de programmation bilingue (FR\/EN)\u00a0; coordonner avec l\u2019\u00e9quipe des communications les strat\u00e9gies de sensibilisation et de promotion, les m\u00e9dias sociaux, les mises \u00e0 jour du site web et le mat\u00e9riel de presse<\/li>\n<\/ul>\n<p><strong>Qualifications requises<\/strong><\/p>\n<ul>\n<li>Exp\u00e9rience d\u00e9montr\u00e9e en programmation culturelle, en gestion d\u2019\u00e9v\u00e9nements et\/ou en engagement communautaire, id\u00e9alement dans un organisme \u00e0 but non lucratif ou culturel<\/li>\n<li>Exp\u00e9rience en gestion des donn\u00e9es et en production de rapports\u00a0: \u00e0 l\u2019aise avec la gestion d\u2019un CRM, le maintien de l\u2019hygi\u00e8ne des donn\u00e9es, le d\u00e9veloppement de mesures de donn\u00e9es dans un contexte sans but lucratif et la production de statistiques de programmation pour les subventions et les bailleurs de fonds<\/li>\n<li>Exp\u00e9rience av\u00e9r\u00e9e dans la gestion ou la supervision de personnel ou d\u2019\u00e9quipes de projet<\/li>\n<li>Le bilinguisme int\u00e9gral en fran\u00e7ais et en anglais (\u00e9crit et oral) est requis<\/li>\n<li>Solides comp\u00e9tences en gestion de projet et en gestion du temps\u00a0; \u00e0 l\u2019aise pour jongler avec plusieurs priorit\u00e9s simultan\u00e9es dans le respect des d\u00e9lais<\/li>\n<li>Int\u00e9r\u00eat d\u00e9montr\u00e9 et aptitude pour la planification \u00e0 long terme et la strat\u00e9gie de programmation<\/li>\n<li>Orient\u00e9e vers les personnes et diplomatique, avec un bilan de d\u00e9veloppement de relations solides avec des parties prenantes diversifi\u00e9es<\/li>\n<li>Disponibilit\u00e9 \u00e0 travailler occasionnellement en soir\u00e9e et les fins de semaine<\/li>\n<\/ul>\n<p><strong>Atouts<\/strong><\/p>\n<ul>\n<li>Exp\u00e9rience en r\u00e9daction de demandes de subventions, connaissance du paysage de financement des OBNL canadiens et\/ou du paysage de financement des OBNL juifs<\/li>\n<li>R\u00e9seaux existants dans le secteur culturel ou artistique montr\u00e9alais<\/li>\n<li>Exp\u00e9rience avec des plateformes de billetterie (ex. Eventbrite, FareHarbor)<\/li>\n<li>Exp\u00e9rience avec des outils de design<\/li>\n<li>Formation en histoire publique, \u00e9tudes juives, d\u00e9veloppement communautaire, communications ou dans un domaine connexe<\/li>\n<li>Connaissance de (ou v\u00e9ritable int\u00e9r\u00eat pour) la culture juive et la communaut\u00e9 juive de Montr\u00e9al<\/li>\n<li>Permis de conduire valide<\/li>\n<\/ul>\n<p><strong>Pour postuler, veuillez envoyer un CV et une lettre de motivation (max. 2 pages) en un seul fichier PDF \u00e0 <\/strong><a href=\"mailto:emplois-jobs@imjm.ca\"><strong>emplois-jobs@imjm.ca<\/strong><\/a><strong> avec <\/strong>\u00ab <strong>Gestionnaire, engagement communautaire et programmation <\/strong>\u00bb\u00a0<strong>en objet.<\/strong> Dans votre lettre de motivation, dites-nous en quoi votre exp\u00e9rience correspond \u00e0 ce r\u00f4le, ce qui vous attire vers le MMJ et votre date de disponibilit\u00e9 la plus proche. <strong>Date limite : Mercredi le 20 mai 2026, 9 h 00 HE. <\/strong><\/p>\n<p><em>Le Mus\u00e9e du Montr\u00e9al juif s\u2019engage \u00e0 \u00eatre un espace inclusif et encourage les candidatures de toutes et tous, notamment, sans s\u2019y limiter, les femmes, les peuples autochtones, les minorit\u00e9s visibles, les personnes en situation de handicap et les personnes de toutes orientations sexuelles et identit\u00e9s de genre. Des mesures d\u2019accommodation sont disponibles sur demande.<\/em><\/p>\n<p><a href=\"https:\/\/museemontrealjuif.ca\/wp-content\/uploads\/2026\/04\/Gestionnaire-engagement-communautaire-et-programmation-Description-du-poste-1.pdf\"><strong>Cliquez ici pour consulter la version PDF de cette offre.<\/strong><\/a>[\/vc_column_text][\/vc_column][\/vc_row]<\/p>\n<\/div>","protected":false},"excerpt":{"rendered":"<p>[vc_row][vc_column][vc_column_text css=\u00a0\u00bb\u00a0\u00bb]Poste : Gestionnaire, engagement communautaire et programmation Lieu : Montr\u00e9al, QC (Hybride, pr\u00e9sence r\u00e9guli\u00e8re sur place requise) Emploi\u00a0: Permanent, temps plein, salari\u00e9, 50\u00a0000\u00a0$ \u00e0 54\u00a0000\u00a0$ (selon l\u2019exp\u00e9rience) Date d\u2019entr\u00e9e : Au plus t\u00f4t le 18 juin 2026 Date limite\u00a0: Mercredi le 20 mai 2026, 9 h 00 HNE Postuler&#8230;<\/p>\n","protected":false},"author":17,"featured_media":0,"comment_status":"closed","ping_status":"closed","sticky":false,"template":"","format":"standard","meta":{"footnotes":""},"categories":[2,72,87],"tags":[],"class_list":["post-50176","post","type-post","status-publish","format-standard","category-non-classifiee","category-offre-demploi","category-opportunites-fr"],"menu_order":0,"_links":{"self":[{"href":"https:\/\/museemontrealjuif.ca\/fr\/wp-json\/wp\/v2\/posts\/50176","targetHints":{"allow":["GET"]}}],"collection":[{"href":"https:\/\/museemontrealjuif.ca\/fr\/wp-json\/wp\/v2\/posts"}],"about":[{"href":"https:\/\/museemontrealjuif.ca\/fr\/wp-json\/wp\/v2\/types\/post"}],"author":[{"embeddable":true,"href":"https:\/\/museemontrealjuif.ca\/fr\/wp-json\/wp\/v2\/users\/17"}],"replies":[{"embeddable":true,"href":"https:\/\/museemontrealjuif.ca\/fr\/wp-json\/wp\/v2\/comments?post=50176"}],"version-history":[{"count":0,"href":"https:\/\/museemontrealjuif.ca\/fr\/wp-json\/wp\/v2\/posts\/50176\/revisions"}],"wp:attachment":[{"href":"https:\/\/museemontrealjuif.ca\/fr\/wp-json\/wp\/v2\/media?parent=50176"}],"wp:term":[{"taxonomy":"category","embeddable":true,"href":"https:\/\/museemontrealjuif.ca\/fr\/wp-json\/wp\/v2\/categories?post=50176"},{"taxonomy":"post_tag","embeddable":true,"href":"https:\/\/museemontrealjuif.ca\/fr\/wp-json\/wp\/v2\/tags?post=50176"}],"curies":[{"name":"wp","href":"https:\/\/api.w.org\/{rel}","templated":true}]}}